{"id":1839,"date":"2024-10-10T15:32:57","date_gmt":"2024-10-10T13:32:57","guid":{"rendered":"https:\/\/xn--vetlandamotorsllskap-ozb.se\/?p=1839"},"modified":"2024-10-10T15:42:23","modified_gmt":"2024-10-10T13:42:23","slug":"lagledningen-sakrar-upp-tva-unga-talanger","status":"publish","type":"post","link":"http:\/\/xn--vetlandamotorsllskap-ozb.se\/?p=1839","title":{"rendered":"Lagledningen s\u00e4krar upp tv\u00e5 unga talanger"},"content":{"rendered":"\n<p id=\"block-fed91b8e-ccc4-4010-9d07-b7bd38bd4428\"><strong>V\u00e5ra lagledare ligger inte p\u00e5 latsidan. I b\u00f6rjan av veckan skrev dom kontrakt med Alfons Wiltander och Mathias Th\u00f6rnblom och bara dagar senare finns ytterligare tv\u00e5 namn p\u00e5 pappret, Oskar Evertsson och Linus Claesson.<\/strong><\/p>\n\n\n\n<figure class=\"wp-block-image size-large\"><img decoding=\"async\" width=\"1024\" height=\"504\" data-src=\"https:\/\/xn--vetlandamotorsllskap-ozb.se\/wp-content\/uploads\/2024\/10\/linus-1024x504.jpg\" alt=\"\" class=\"wp-image-1842 lazyload\" data-srcset=\"http:\/\/xn--vetlandamotorsllskap-ozb.se\/wp-content\/uploads\/2024\/10\/linus-1024x504.jpg 1024w, http:\/\/xn--vetlandamotorsllskap-ozb.se\/wp-content\/uploads\/2024\/10\/linus-300x148.jpg 300w, http:\/\/xn--vetlandamotorsllskap-ozb.se\/wp-content\/uploads\/2024\/10\/linus-768x378.jpg 768w, http:\/\/xn--vetlandamotorsllskap-ozb.se\/wp-content\/uploads\/2024\/10\/linus-1536x756.jpg 1536w, http:\/\/xn--vetlandamotorsllskap-ozb.se\/wp-content\/uploads\/2024\/10\/linus-2048x1008.jpg 2048w\" data-sizes=\"(max-width: 1024px) 100vw, 1024px\" src=\"data:image\/svg+xml;base64,PHN2ZyB3aWR0aD0iMSIgaGVpZ2h0PSIxIiB4bWxucz0iaHR0cDovL3d3dy53My5vcmcvMjAwMC9zdmciPjwvc3ZnPg==\" style=\"--smush-placeholder-width: 1024px; --smush-placeholder-aspect-ratio: 1024\/504;\" \/><\/figure>\n\n\n\n<p>Oskar Evertsson fr\u00e5n Eksj\u00f6 blir 16 \u00e5r n\u00e4sta \u00e5r och tar nu klivet upp p\u00e5 500cc. Oskar inledde sin speedwaykarri\u00e4r i Vetlandas ungdomslag men gick sedan \u00f6ver till N\u00e4ssj\u00f6 SK d\u00e4r han tillbringat senaste tiden som ungdomsf\u00f6rare, men n\u00e4r det nu nalkas 500cc \u00e4r det dags att \u00e5terv\u00e4nda till moderklubben. Han har tagit stora steg i utvecklingen dom sista \u00e5ren och inte minst i \u00e5r d\u00e5 det blivit internationella f\u00f6raruppdrag. Oskar k\u00f6rde sig till en tredje plats i SM och han avslutade s\u00e4songen med att vinna den sista SSA-delt\u00e4vlingen (Swedish Speedway Academy) i Norrk\u00f6ping med maximala 15 po\u00e4ng.<\/p>\n\n\n\n<figure class=\"wp-block-image size-large\"><img decoding=\"async\" width=\"1024\" height=\"512\" data-src=\"https:\/\/xn--vetlandamotorsllskap-ozb.se\/wp-content\/uploads\/2024\/10\/Oskar-1024x512.jpg\" alt=\"\" class=\"wp-image-1844 lazyload\" data-srcset=\"http:\/\/xn--vetlandamotorsllskap-ozb.se\/wp-content\/uploads\/2024\/10\/Oskar-1024x512.jpg 1024w, http:\/\/xn--vetlandamotorsllskap-ozb.se\/wp-content\/uploads\/2024\/10\/Oskar-300x150.jpg 300w, http:\/\/xn--vetlandamotorsllskap-ozb.se\/wp-content\/uploads\/2024\/10\/Oskar-768x384.jpg 768w, http:\/\/xn--vetlandamotorsllskap-ozb.se\/wp-content\/uploads\/2024\/10\/Oskar-1536x768.jpg 1536w, http:\/\/xn--vetlandamotorsllskap-ozb.se\/wp-content\/uploads\/2024\/10\/Oskar-2048x1024.jpg 2048w\" data-sizes=\"(max-width: 1024px) 100vw, 1024px\" src=\"data:image\/svg+xml;base64,PHN2ZyB3aWR0aD0iMSIgaGVpZ2h0PSIxIiB4bWxucz0iaHR0cDovL3d3dy53My5vcmcvMjAwMC9zdmciPjwvc3ZnPg==\" style=\"--smush-placeholder-width: 1024px; --smush-placeholder-aspect-ratio: 1024\/512;\" \/><\/figure>\n\n\n\n<p>Linus Claesson fr\u00e5n Stockaryd blir \u00e4ven han 16 \u00e5r n\u00e4sta \u00e5r och kliver upp p\u00e5 500cc. Linus inledde sin speedwaysatsning 2023 med att b\u00f6rja k\u00f6ra 85cc men d\u00e5 han var f\u00f6r l\u00e5ng blev det k\u00f6p av stor cykel till i \u00e5r. Han har tr\u00e4nat flitigt under 2024 b\u00e5de i N\u00e4ssj\u00f6 och Vetlanda p\u00e5 500R som \u00e4r en 500cc motor med strypning. Han har ocks\u00e5 deltagit i flera SSA-l\u00e4ger (Swedish Speedway Academy) d\u00e4r han b\u00e5de tr\u00e4nat och k\u00f6rt t\u00e4vling. Det har gett goda resultat i utvecklingen. <\/p>\n\n\n\n<p>\u2013 Oskar \u00e4r en egen produkt som vi b\u00f6rjade prata om redan f\u00f6rra \u00e5ret att vi skulle f\u00e5 hem n\u00e4r det var dags f\u00f6r honom att ta klivet upp p\u00e5 500cc. Vi str\u00e4var mycket efter att ha lokal f\u00f6rankring och med en egen produkt i laget kan det aldrig sl\u00e5 fel. Med de nya reglerna k\u00e4nns det ocks\u00e5 viktigt att s\u00e4kra upp f\u00f6rare p\u00e5 0,500 i snitt och d\u00e4r k\u00e4nner vi att Oskar \u00e4r ett perfekt komplement f\u00f6r att fajtas om den platsen i laguppst\u00e4llningen. Dom senaste \u00e5rens utveckling har imponerat och det ska bli v\u00e4ldigt intressant att f\u00f6lja hans fortsatta karri\u00e4r, s\u00e4ger Affe Trofast.<\/p>\n\n\n\n<p>Viktor Stendahl h\u00e5ller med:<br>\u2013&nbsp;Det \u00e4r roligt n\u00e4r ungdomar kommer fram och blir b\u00e4ttre och b\u00e4ttre steg f\u00f6r steg. Vi fyller d\u00e4rmed p\u00e5 med ytterligare en 0,500 f\u00f6rare f\u00f6r att bredda truppen. Linus har tagit kliv fram\u00e5t hela s\u00e4songen s\u00e5 det blir sp\u00e4nnande att f\u00f6lja hans utveckling kommande s\u00e4song.&nbsp;<\/p>\n\n\n\n<p>Vetlanda Motors\u00e4llskap \u00f6nskar b\u00e5de Linus och Oskar v\u00e4lkomna till(baka) Njudungarna s\u00e4songen 2025.<\/p>\n\n\n\n<p>Njudungarna 2025:<br>Mathias Th\u00f6rnblom &#8211; 1,923 (NY)<br>Alfons Wiltander &#8211; 0,943 (NY)<br>Oskar Evertsson &#8211; 0,500 (NY)<br>Linus Claesson &#8211; 0,500 (NY)<\/p>\n\n\n\n<p>Foto: Fredrik Johansson&nbsp;<\/p>\n\n\n\n<p><\/p>\n","protected":false},"excerpt":{"rendered":"<p>V\u00e5ra lagledare ligger inte p\u00e5 latsidan. I b\u00f6rjan av veckan skrev dom kontrakt med Alfons Wiltander och Mathias Th\u00f6rnblom och<\/p>\n","protected":false},"author":1,"featured_media":1840,"comment_status":"open","ping_status":"open","sticky":false,"template":"","format":"standard","meta":{"colormag_page_container_layout":"default_layout","colormag_page_sidebar_layout":"default_layout","footnotes":""},"categories":[2],"tags":[],"class_list":["post-1839","post","type-post","status-publish","format-standard","has-post-thumbnail","hentry","category-speedway"],"_links":{"self":[{"href":"http:\/\/xn--vetlandamotorsllskap-ozb.se\/index.php?rest_route=\/wp\/v2\/posts\/1839","targetHints":{"allow":["GET"]}}],"collection":[{"href":"http:\/\/xn--vetlandamotorsllskap-ozb.se\/index.php?rest_route=\/wp\/v2\/posts"}],"about":[{"href":"http:\/\/xn--vetlandamotorsllskap-ozb.se\/index.php?rest_route=\/wp\/v2\/types\/post"}],"author":[{"embeddable":true,"href":"http:\/\/xn--vetlandamotorsllskap-ozb.se\/index.php?rest_route=\/wp\/v2\/users\/1"}],"replies":[{"embeddable":true,"href":"http:\/\/xn--vetlandamotorsllskap-ozb.se\/index.php?rest_route=%2Fwp%2Fv2%2Fcomments&post=1839"}],"version-history":[{"count":2,"href":"http:\/\/xn--vetlandamotorsllskap-ozb.se\/index.php?rest_route=\/wp\/v2\/posts\/1839\/revisions"}],"predecessor-version":[{"id":1845,"href":"http:\/\/xn--vetlandamotorsllskap-ozb.se\/index.php?rest_route=\/wp\/v2\/posts\/1839\/revisions\/1845"}],"wp:featuredmedia":[{"embeddable":true,"href":"http:\/\/xn--vetlandamotorsllskap-ozb.se\/index.php?rest_route=\/wp\/v2\/media\/1840"}],"wp:attachment":[{"href":"http:\/\/xn--vetlandamotorsllskap-ozb.se\/index.php?rest_route=%2Fwp%2Fv2%2Fmedia&parent=1839"}],"wp:term":[{"taxonomy":"category","embeddable":true,"href":"http:\/\/xn--vetlandamotorsllskap-ozb.se\/index.php?rest_route=%2Fwp%2Fv2%2Fcategories&post=1839"},{"taxonomy":"post_tag","embeddable":true,"href":"http:\/\/xn--vetlandamotorsllskap-ozb.se\/index.php?rest_route=%2Fwp%2Fv2%2Ftags&post=1839"}],"curies":[{"name":"wp","href":"https:\/\/api.w.org\/{rel}","templated":true}]}}