{"id":1097,"date":"2023-06-13T21:24:10","date_gmt":"2023-06-13T19:24:10","guid":{"rendered":"http:\/\/xn--vetlandamotorsllskap-ozb.se\/?p=1097"},"modified":"2023-06-13T21:31:17","modified_gmt":"2023-06-13T19:31:17","slug":"tufft-mote-hemma-pa-torsdag","status":"publish","type":"post","link":"https:\/\/xn--vetlandamotorsllskap-ozb.se\/?p=1097","title":{"rendered":"Tufft m\u00f6te hemma p\u00e5 torsdag"},"content":{"rendered":"\n<p>Nu p\u00e5 torsdag den 15 juni \u00e4r det dags f\u00f6r Njudungarna att ta emot Valsarna och lagledare Stewe Lennartsson som bor n\u00e4stg\u00e5rds har laddat med ett riktigt kompetent lag inf\u00f6r m\u00f6tet. Grannen till Stewe, v\u00e5r egen lagledare Affe Trofast, har inte varit s\u00e4mre s\u00e5 vi v\u00e5gar utlova en riktigt riktigt bra speedwaymatch d\u00e4r vi givetvis hoppas att v\u00e5ra killar visar g\u00e4sterna vems hemmabana det \u00e4r. Vi h\u00e4lsar Valsarna och inte minst publiken v\u00e4lkomna f\u00f6r den h\u00e4r matchen vill ni inte missa!<\/p>\n\n\n\n<p>Laguppst\u00e4llning inf\u00f6r torsdagen ser ut s\u00e5h\u00e4r:<\/p>\n\n\n\n<p>Njudungarna<br>1 Filip Hjelmland<br>2 Emil Breum<br>3 Mathias Pollestad<br>4 Gino Manzarez<br>5 Peter Ljung LK<br>6 Sammy Van Dyck<br>7 Avon Van Dyck<\/p>\n\n\n\n<p>Lagledare Affe Trofast och Viktor Stendahl<\/p>\n\n\n\n<p>Valsarna<br>1 Jesse Mustonen<br>2 Lasse Fredriksen<br>3 Bastian Borke<br>4 Steven Goret<br>5 Antonio Lindb\u00e4ck LK<br>6 Jonathan Ejnemark<\/p>\n\n\n\n<p>Lagledare Stewe Lennartsson<\/p>\n\n\n\n<figure class=\"wp-block-image size-large is-resized\"><img decoding=\"async\" data-src=\"http:\/\/xn--vetlandamotorsllskap-ozb.se\/wp-content\/uploads\/2022\/12\/Emil-Breum_7061-895x1024.jpg\" alt=\"\" class=\"wp-image-782 lazyload\" width=\"397\" height=\"454\" data-srcset=\"https:\/\/xn--vetlandamotorsllskap-ozb.se\/wp-content\/uploads\/2022\/12\/Emil-Breum_7061-895x1024.jpg 895w, https:\/\/xn--vetlandamotorsllskap-ozb.se\/wp-content\/uploads\/2022\/12\/Emil-Breum_7061-262x300.jpg 262w, https:\/\/xn--vetlandamotorsllskap-ozb.se\/wp-content\/uploads\/2022\/12\/Emil-Breum_7061-768x879.jpg 768w, https:\/\/xn--vetlandamotorsllskap-ozb.se\/wp-content\/uploads\/2022\/12\/Emil-Breum_7061-1342x1536.jpg 1342w, https:\/\/xn--vetlandamotorsllskap-ozb.se\/wp-content\/uploads\/2022\/12\/Emil-Breum_7061-1789x2048.jpg 1789w\" data-sizes=\"(max-width: 397px) 100vw, 397px\" src=\"data:image\/svg+xml;base64,PHN2ZyB3aWR0aD0iMSIgaGVpZ2h0PSIxIiB4bWxucz0iaHR0cDovL3d3dy53My5vcmcvMjAwMC9zdmciPjwvc3ZnPg==\" style=\"--smush-placeholder-width: 397px; --smush-placeholder-aspect-ratio: 397\/454;\" \/><\/figure>\n\n\n\n<p>\u00c4ntligen f\u00e5r vi se Emil Breum p\u00e5 hemmaovalen i Vetlanda<\/p>\n","protected":false},"excerpt":{"rendered":"<p>Nu p\u00e5 torsdag den 15 juni \u00e4r det dags f\u00f6r Njudungarna att ta emot Valsarna och lagledare Stewe Lennartsson som<\/p>\n","protected":false},"author":1,"featured_media":1024,"comment_status":"open","ping_status":"open","sticky":false,"template":"","format":"standard","meta":{"colormag_page_container_layout":"default_layout","colormag_page_sidebar_layout":"default_layout","footnotes":""},"categories":[26,2],"tags":[],"class_list":["post-1097","post","type-post","status-publish","format-standard","has-post-thumbnail","hentry","category-nyheter","category-speedway"],"_links":{"self":[{"href":"https:\/\/xn--vetlandamotorsllskap-ozb.se\/index.php?rest_route=\/wp\/v2\/posts\/1097","targetHints":{"allow":["GET"]}}],"collection":[{"href":"https:\/\/xn--vetlandamotorsllskap-ozb.se\/index.php?rest_route=\/wp\/v2\/posts"}],"about":[{"href":"https:\/\/xn--vetlandamotorsllskap-ozb.se\/index.php?rest_route=\/wp\/v2\/types\/post"}],"author":[{"embeddable":true,"href":"https:\/\/xn--vetlandamotorsllskap-ozb.se\/index.php?rest_route=\/wp\/v2\/users\/1"}],"replies":[{"embeddable":true,"href":"https:\/\/xn--vetlandamotorsllskap-ozb.se\/index.php?rest_route=%2Fwp%2Fv2%2Fcomments&post=1097"}],"version-history":[{"count":2,"href":"https:\/\/xn--vetlandamotorsllskap-ozb.se\/index.php?rest_route=\/wp\/v2\/posts\/1097\/revisions"}],"predecessor-version":[{"id":1099,"href":"https:\/\/xn--vetlandamotorsllskap-ozb.se\/index.php?rest_route=\/wp\/v2\/posts\/1097\/revisions\/1099"}],"wp:featuredmedia":[{"embeddable":true,"href":"https:\/\/xn--vetlandamotorsllskap-ozb.se\/index.php?rest_route=\/wp\/v2\/media\/1024"}],"wp:attachment":[{"href":"https:\/\/xn--vetlandamotorsllskap-ozb.se\/index.php?rest_route=%2Fwp%2Fv2%2Fmedia&parent=1097"}],"wp:term":[{"taxonomy":"category","embeddable":true,"href":"https:\/\/xn--vetlandamotorsllskap-ozb.se\/index.php?rest_route=%2Fwp%2Fv2%2Fcategories&post=1097"},{"taxonomy":"post_tag","embeddable":true,"href":"https:\/\/xn--vetlandamotorsllskap-ozb.se\/index.php?rest_route=%2Fwp%2Fv2%2Ftags&post=1097"}],"curies":[{"name":"wp","href":"https:\/\/api.w.org\/{rel}","templated":true}]}}