{"id":1851,"date":"2024-10-16T12:00:00","date_gmt":"2024-10-16T10:00:00","guid":{"rendered":"https:\/\/xn--vetlandamotorsllskap-ozb.se\/?p=1851"},"modified":"2024-10-15T19:46:31","modified_gmt":"2024-10-15T17:46:31","slug":"vara-superbroder-stannar-i-vetlanda","status":"publish","type":"post","link":"https:\/\/xn--vetlandamotorsllskap-ozb.se\/?p=1851","title":{"rendered":"V\u00e5ra superbr\u00f6der stannar i Vetlanda"},"content":{"rendered":"\n<figure class=\"wp-block-image size-large\"><img decoding=\"async\" width=\"1024\" height=\"683\" data-src=\"http:\/\/xn--vetlandamotorsllskap-ozb.se\/wp-content\/uploads\/2024\/10\/AvonSammy-1024x683.jpeg\" alt=\"\" class=\"wp-image-1852 lazyload\" data-srcset=\"https:\/\/xn--vetlandamotorsllskap-ozb.se\/wp-content\/uploads\/2024\/10\/AvonSammy-1024x683.jpeg 1024w, https:\/\/xn--vetlandamotorsllskap-ozb.se\/wp-content\/uploads\/2024\/10\/AvonSammy-300x200.jpeg 300w, https:\/\/xn--vetlandamotorsllskap-ozb.se\/wp-content\/uploads\/2024\/10\/AvonSammy-768x512.jpeg 768w, https:\/\/xn--vetlandamotorsllskap-ozb.se\/wp-content\/uploads\/2024\/10\/AvonSammy-1536x1024.jpeg 1536w, https:\/\/xn--vetlandamotorsllskap-ozb.se\/wp-content\/uploads\/2024\/10\/AvonSammy.jpeg 2048w\" data-sizes=\"(max-width: 1024px) 100vw, 1024px\" src=\"data:image\/svg+xml;base64,PHN2ZyB3aWR0aD0iMSIgaGVpZ2h0PSIxIiB4bWxucz0iaHR0cDovL3d3dy53My5vcmcvMjAwMC9zdmciPjwvc3ZnPg==\" style=\"--smush-placeholder-width: 1024px; --smush-placeholder-aspect-ratio: 1024\/683;\" \/><\/figure>\n\n\n\n<p><strong>I m\u00e5ndags blev det officiellt att Filip Hjelmland stannar i Njudungarna och blir ny lagkapten. Nu \u00e4r det \u00e4ven klart att br\u00f6derna Avon och Sammy Van Dyck stannar i klubben.<\/strong><\/p>\n\n\n\n<p>Avon och Sammy har under sina tv\u00e5 \u00e5r i Vetlanda utvecklats enormt mycket. B\u00e5da har med sitt stora f\u00f6rtroende fr\u00e5n lagledningen blivit stabila po\u00e4ngplockare och viktiga f\u00f6rare i v\u00e5rt Allsvenska lag.\u00a0<\/p>\n\n\n\n<p>Avon inledde \u00e5rets s\u00e4song med en liten skada och missade starten av serien men landade till slut p\u00e5 tretton matcher. Under dessa matcher blev det 73 ink\u00f6rda po\u00e4ng p\u00e5 64 heat vilket gav ett po\u00e4ngsnitt p\u00e5 1,141.\u00a0Avon tog ocks\u00e5 silver med Dackarna i Bauhausligan samt silver med Gorzow i polska U24-ligan.\u00a0<\/p>\n\n\n\n<p>F\u00f6r Sammys del blev det tolv matcher under \u00e5rets s\u00e4songen och han k\u00f6rde in 95 po\u00e4ng p\u00e5 53 heat och snittade d\u00e4rmed 1,792 po\u00e4ng per heat, med det var han den f\u00f6raren i truppen som h\u00f6jde snitt allra mest. 2024 blev det ocks\u00e5 guld i Bauhausligan tillsammans med Lejonen samt landslagsuppdrag och en bronsmedalj i individuella JSM-finalen.&nbsp;<\/p>\n\n\n\n<p>\u2013 Avon och Sammy \u00e4r br\u00f6draparet som vi har haft i laget under tv\u00e5 s\u00e4songer. De \u00e4r v\u00e4ldigt \u00f6dmjuka samtidigt tuffa n\u00e4r det beh\u00f6vs, vilket passar bra in i v\u00e5rt lag och m\u00e5ls\u00e4ttningen har hela tiden att varit att beh\u00e5lla dem 2025. Det \u00e4r tv\u00e5 killar som hela tiden har utvecklats positivt i Allsvenskan och de har bra kapacitet f\u00f6r att forts\u00e4tta bli stabila f\u00f6rare i Allsvenskan. Det gl\u00e4djer oss v\u00e4ldigt mycket att de stannar och det ska bli intressant att f\u00f6lja deras fortsatta utveckling i Njudungarna. Vi hoppas och tror att det blir m\u00e5nga ink\u00f6rda po\u00e4ng och heatsegrar kommande s\u00e4song f\u00f6r Avon och Sammy, s\u00e4ger lagledarduon Affe Trofast och Viktor Stendahl om f\u00f6rl\u00e4ngningen med br\u00f6derna.<\/p>\n\n\n\n<p>VMS v\u00e4lkomnar Avon och Sammy \u00e5terigen inf\u00f6r s\u00e4songen 2025.<\/p>\n\n\n\n<p>Njudungarna 2025:<br>Filip Hjelmland &#8211; 2,158<br>Mathias Th\u00f6rnblom &#8211; 1,923<br>Sammy Van Dyck &#8211; 1,792<br>Avon Van Dyck &#8211; 1,141<br>Alfons Wiltander &#8211; 0,943<br>Oskar Evertsson &#8211; 0,500<br>Linus Claesson &#8211; 0,500<\/p>\n\n\n\n<p>Foto: Matilda Bengthsson&nbsp;<\/p>\n","protected":false},"excerpt":{"rendered":"<p>I m\u00e5ndags blev det officiellt att Filip Hjelmland stannar i Njudungarna och blir ny lagkapten. Nu \u00e4r det \u00e4ven klart<\/p>\n","protected":false},"author":1,"featured_media":1852,"comment_status":"open","ping_status":"open","sticky":false,"template":"","format":"standard","meta":{"colormag_page_container_layout":"default_layout","colormag_page_sidebar_layout":"default_layout","footnotes":""},"categories":[2],"tags":[],"class_list":["post-1851","post","type-post","status-publish","format-standard","has-post-thumbnail","hentry","category-speedway"],"_links":{"self":[{"href":"https:\/\/xn--vetlandamotorsllskap-ozb.se\/index.php?rest_route=\/wp\/v2\/posts\/1851","targetHints":{"allow":["GET"]}}],"collection":[{"href":"https:\/\/xn--vetlandamotorsllskap-ozb.se\/index.php?rest_route=\/wp\/v2\/posts"}],"about":[{"href":"https:\/\/xn--vetlandamotorsllskap-ozb.se\/index.php?rest_route=\/wp\/v2\/types\/post"}],"author":[{"embeddable":true,"href":"https:\/\/xn--vetlandamotorsllskap-ozb.se\/index.php?rest_route=\/wp\/v2\/users\/1"}],"replies":[{"embeddable":true,"href":"https:\/\/xn--vetlandamotorsllskap-ozb.se\/index.php?rest_route=%2Fwp%2Fv2%2Fcomments&post=1851"}],"version-history":[{"count":1,"href":"https:\/\/xn--vetlandamotorsllskap-ozb.se\/index.php?rest_route=\/wp\/v2\/posts\/1851\/revisions"}],"predecessor-version":[{"id":1853,"href":"https:\/\/xn--vetlandamotorsllskap-ozb.se\/index.php?rest_route=\/wp\/v2\/posts\/1851\/revisions\/1853"}],"wp:featuredmedia":[{"embeddable":true,"href":"https:\/\/xn--vetlandamotorsllskap-ozb.se\/index.php?rest_route=\/wp\/v2\/media\/1852"}],"wp:attachment":[{"href":"https:\/\/xn--vetlandamotorsllskap-ozb.se\/index.php?rest_route=%2Fwp%2Fv2%2Fmedia&parent=1851"}],"wp:term":[{"taxonomy":"category","embeddable":true,"href":"https:\/\/xn--vetlandamotorsllskap-ozb.se\/index.php?rest_route=%2Fwp%2Fv2%2Fcategories&post=1851"},{"taxonomy":"post_tag","embeddable":true,"href":"https:\/\/xn--vetlandamotorsllskap-ozb.se\/index.php?rest_route=%2Fwp%2Fv2%2Ftags&post=1851"}],"curies":[{"name":"wp","href":"https:\/\/api.w.org\/{rel}","templated":true}]}}